{"id":10033,"date":"2026-08-31T11:55:20","date_gmt":"2026-08-31T14:55:20","guid":{"rendered":"https:\/\/isfdyt35-bue.infd.edu.ar\/sitio\/?p=10033"},"modified":"2026-08-31T12:06:25","modified_gmt":"2026-08-31T15:06:25","slug":"suspension-de-clases-presenciales-lunes-31-8-26-y-martes-1-9-2026","status":"publish","type":"post","link":"https:\/\/isfdyt35-bue.infd.edu.ar\/sitio\/suspension-de-clases-presenciales-lunes-31-8-26-y-martes-1-9-2026\/","title":{"rendered":"Suspensi\u00f3n de clases presenciales lunes 31\/8\/26 y martes 1\/9\/2026"},"content":{"rendered":"\n<p>Se comunica a toda la comunidad educativa que, por falta de agua a partir del lunes 31\/8 durante el turno tarde y vespertino y ma\u00f1ana martes todo el d\u00eda no habr\u00e1 clases presenciales pasando a clases virtuales en todas las carreras.<\/p>\n","protected":false},"excerpt":{"rendered":"<p>Se comunica a toda la comunidad educativa que, por falta de agua a partir del lunes 31\/8 durante el turno tarde y vespertino y ma\u00f1ana martes todo el d\u00eda no habr\u00e1 clases presenciales pasando a clases virtuales en todas las carreras.<\/p>\n","protected":false},"author":5469,"featured_media":10034,"comment_status":"closed","ping_status":"open","sticky":false,"template":"","format":"standard","meta":[],"categories":[1],"tags":[],"acf":[],"_links":{"self":[{"href":"https:\/\/isfdyt35-bue.infd.edu.ar\/sitio\/wp-json\/wp\/v2\/posts\/10033"}],"collection":[{"href":"https:\/\/isfdyt35-bue.infd.edu.ar\/sitio\/wp-json\/wp\/v2\/posts"}],"about":[{"href":"https:\/\/isfdyt35-bue.infd.edu.ar\/sitio\/wp-json\/wp\/v2\/types\/post"}],"author":[{"embeddable":true,"href":"https:\/\/isfdyt35-bue.infd.edu.ar\/sitio\/wp-json\/wp\/v2\/users\/5469"}],"replies":[{"embeddable":true,"href":"https:\/\/isfdyt35-bue.infd.edu.ar\/sitio\/wp-json\/wp\/v2\/comments?post=10033"}],"version-history":[{"count":2,"href":"https:\/\/isfdyt35-bue.infd.edu.ar\/sitio\/wp-json\/wp\/v2\/posts\/10033\/revisions"}],"predecessor-version":[{"id":10036,"href":"https:\/\/isfdyt35-bue.infd.edu.ar\/sitio\/wp-json\/wp\/v2\/posts\/10033\/revisions\/10036"}],"wp:featuredmedia":[{"embeddable":true,"href":"https:\/\/isfdyt35-bue.infd.edu.ar\/sitio\/wp-json\/wp\/v2\/media\/10034"}],"wp:attachment":[{"href":"https:\/\/isfdyt35-bue.infd.edu.ar\/sitio\/wp-json\/wp\/v2\/media?parent=10033"}],"wp:term":[{"taxonomy":"category","embeddable":true,"href":"https:\/\/isfdyt35-bue.infd.edu.ar\/sitio\/wp-json\/wp\/v2\/categories?post=10033"},{"taxonomy":"post_tag","embeddable":true,"href":"https:\/\/isfdyt35-bue.infd.edu.ar\/sitio\/wp-json\/wp\/v2\/tags?post=10033"}],"curies":[{"name":"wp","href":"https:\/\/api.w.org\/{rel}","templated":true}]}}